{"id":19028,"date":"2026-09-01T12:55:01","date_gmt":"2026-09-01T12:55:01","guid":{"rendered":"https:\/\/leistungszentrum-logistik-it.de\/?p=19028"},"modified":"2026-09-01T13:08:38","modified_gmt":"2026-09-01T13:08:38","slug":"jetzt-anmelden-transfertag-fuer-technologien-und-it-loesungen-in-der-kommissionierung","status":"publish","type":"post","link":"https:\/\/leistungszentrum-logistik-it.de\/en\/jetzt-anmelden-transfertag-fuer-technologien-und-it-loesungen-in-der-kommissionierung\/","title":{"rendered":"Jetzt anmelden: Transfertag f\u00fcr Technologien und IT-L\u00f6sungen in der Kommissionierung"},"content":{"rendered":"\n<p class=\"wp-block-paragraph\"><strong>Praxisnahe Einblicke. Technologien erleben. In der Branche vernetzen.<\/strong><\/p>\n\n\n\n<p class=\"wp-block-paragraph\"><strong>Jetzt anmelden<\/strong>: <a href=\"https:\/\/9e2d15ba.sibforms.com\/serve\/MUIFAAyL9G27oLz_ViLkXUxaSvhHDrO7Cn3hX5ISHMlp_JOBW2aeR7f2KI497jFby1QhlI27Ns5wd-US31rOs4mSAIX2IwZb0KB7rTwt_u9JAT12wT0ZfsmX67Fu1cXo72WUnUW7zYAHjQcyNVny8iJxI2emzQD5aoX-DCHV82R7t6txySfMYdqVKMBD1D8DyV-e8cC5iq7TMd9CaA==\">Order. Pick. Apply. \u2013 Transfertag f\u00fcr Technologien &amp; IT-L\u00f6sungen<\/a><\/p>\n\n\n\n<p class=\"wp-block-paragraph\">Der Transfertag \u00bbOrder.Pick.Apply.\u00ab bringt Industrie, Forschung und Technologieanbieter im Picking Lab des Fraunhofer IML zusammen. Im Fokus stehen aktuelle Entwicklungen rund um Kommissioniertechnologien, Lagerverwaltungssysteme sowie digitale L\u00f6sungen f\u00fcr effiziente und menschenzentrierte Pickprozesse.<\/p>\n\n\n\n<p class=\"wp-block-paragraph\">Angesichts von Fachkr\u00e4ftemangel, steigenden Prozessanforderungen und wachsender Technologieintegration diskutieren ExpertInnen aus der Industrie und Forschung praxisnahe Ans\u00e4tze zur Unterst\u00fctzung manueller T\u00e4tigkeiten in der Logistik.<\/p>\n\n\n\n<p class=\"wp-block-paragraph\">Der Transfertag zeigt praxisnah, wie moderne und menschenzentrierte Technologien Mitarbeitende in manuellen Kommissionierprozessen gezielt unterst\u00fctzen, k\u00f6rperlich und kognitiv entlasten sowie gleichzeitig Effizienz, Qualit\u00e4t und Prozesssicherheit steigern k\u00f6nnen. Gleichzeitig bietet die Veranstaltung Raum f\u00fcr den Austausch aktueller Herausforderungen, gemeinsamer Fragestellungen und praxisnaher Best Practices aus der Industrie. Teilnehmende erhalten die M\u00f6glichkeit, voneinander zu lernen, Erfahrungen zu teilen und neue Impulse f\u00fcr die eigene Praxis mitzunehmen. Im Fokus stehen L\u00f6sungen, die technologische Innovation mit attraktiver, gesunder und zukunftsf\u00e4higer Arbeit verbinden und damit einen nachhaltigen Beitrag zur langfristigen Arbeitsf\u00e4higkeit sowie zur Zukunftsf\u00e4higkeit logistischer Prozesse leisten.<\/p>\n\n\n\n<h3 class=\"wp-block-heading\">Programm<\/h3>\n\n\n\n<ul class=\"wp-block-list\">\n<li>Keynote &amp; Experten:innen-Impuls<\/li>\n\n\n\n<li>Praxisbericht mit konkreten Beispielen und Erfahrungen aus der Intralogistik<\/li>\n\n\n\n<li>Workshop mit Raum f\u00fcr Diskussion und praxisnahem Erfahrungsaustausch\u00a0<\/li>\n\n\n\n<li>Live Demos von Pick-Technologien, Assistenzsystemen sowie L\u00f6sungen zur Prozess- und Ergonomieanalyse direkt im #PickingLab erleben<\/li>\n\n\n\n<li>Ausprobieren, Austausch &amp; Mittagessen: Technologien selbst testen, Fragen stellen und mit Fachexpert*innen und Kolleg*innen aus der Branche ins Gespr\u00e4ch kommen<\/li>\n<\/ul>\n\n\n\n<p class=\"wp-block-paragraph\"><strong>Jetzt anmelden<\/strong>: <a href=\"https:\/\/9e2d15ba.sibforms.com\/serve\/MUIFAAyL9G27oLz_ViLkXUxaSvhHDrO7Cn3hX5ISHMlp_JOBW2aeR7f2KI497jFby1QhlI27Ns5wd-US31rOs4mSAIX2IwZb0KB7rTwt_u9JAT12wT0ZfsmX67Fu1cXo72WUnUW7zYAHjQcyNVny8iJxI2emzQD5aoX-DCHV82R7t6txySfMYdqVKMBD1D8DyV-e8cC5iq7TMd9CaA==\">Order. Pick. Apply. \u2013 Transfertag f\u00fcr Technologien &amp; IT-L\u00f6sungen<\/a><\/p>\n\n\n\n<p class=\"wp-block-paragraph\"><\/p>\n","protected":false},"excerpt":{"rendered":"<p>Praxisnahe Einblicke. Technologien erleben. In der Branche vernetzen. Jetzt anmelden: Order. Pick. Apply. \u2013 Transfertag f\u00fcr Technologien &amp; IT-L\u00f6sungen Der Transfertag \u00bbOrder.Pick.Apply.\u00ab bringt Industrie, Forschung und Technologieanbieter im Picking Lab des Fraunhofer IML zusammen. Im Fokus stehen aktuelle Entwicklungen rund um Kommissioniertechnologien, Lagerverwaltungssysteme sowie digitale L\u00f6sungen f\u00fcr effiziente und menschenzentrierte Pickprozesse. Angesichts von Fachkr\u00e4ftemangel, steigenden [&hellip;]<\/p>\n","protected":false},"author":12,"featured_media":18816,"comment_status":"closed","ping_status":"open","sticky":false,"template":"","format":"standard","meta":{"_acf_changed":false,"_et_pb_use_builder":"","_et_pb_old_content":"","_et_gb_content_width":"","footnotes":""},"categories":[20],"tags":[],"class_list":["post-19028","post","type-post","status-publish","format-standard","has-post-thumbnail","hentry","category-aus-der-community"],"acf":[],"_links":{"self":[{"href":"https:\/\/leistungszentrum-logistik-it.de\/en\/wp-json\/wp\/v2\/posts\/19028","targetHints":{"allow":["GET"]}}],"collection":[{"href":"https:\/\/leistungszentrum-logistik-it.de\/en\/wp-json\/wp\/v2\/posts"}],"about":[{"href":"https:\/\/leistungszentrum-logistik-it.de\/en\/wp-json\/wp\/v2\/types\/post"}],"author":[{"embeddable":true,"href":"https:\/\/leistungszentrum-logistik-it.de\/en\/wp-json\/wp\/v2\/users\/12"}],"replies":[{"embeddable":true,"href":"https:\/\/leistungszentrum-logistik-it.de\/en\/wp-json\/wp\/v2\/comments?post=19028"}],"version-history":[{"count":2,"href":"https:\/\/leistungszentrum-logistik-it.de\/en\/wp-json\/wp\/v2\/posts\/19028\/revisions"}],"predecessor-version":[{"id":19031,"href":"https:\/\/leistungszentrum-logistik-it.de\/en\/wp-json\/wp\/v2\/posts\/19028\/revisions\/19031"}],"wp:featuredmedia":[{"embeddable":true,"href":"https:\/\/leistungszentrum-logistik-it.de\/en\/wp-json\/wp\/v2\/media\/18816"}],"wp:attachment":[{"href":"https:\/\/leistungszentrum-logistik-it.de\/en\/wp-json\/wp\/v2\/media?parent=19028"}],"wp:term":[{"taxonomy":"category","embeddable":true,"href":"https:\/\/leistungszentrum-logistik-it.de\/en\/wp-json\/wp\/v2\/categories?post=19028"},{"taxonomy":"post_tag","embeddable":true,"href":"https:\/\/leistungszentrum-logistik-it.de\/en\/wp-json\/wp\/v2\/tags?post=19028"}],"curies":[{"name":"wp","href":"https:\/\/api.w.org\/{rel}","templated":true}]}}