{"id":19032,"date":"2026-09-01T13:36:24","date_gmt":"2026-09-01T13:36:24","guid":{"rendered":"https:\/\/leistungszentrum-logistik-it.de\/?p=19032"},"modified":"2026-09-03T10:13:47","modified_gmt":"2026-09-03T10:13:47","slug":"leistungszentrum-beim-zukunftskongress-logistik","status":"publish","type":"post","link":"https:\/\/leistungszentrum-logistik-it.de\/en\/leistungszentrum-beim-zukunftskongress-logistik\/","title":{"rendered":"Leistungszentrum beim Zukunftskongress Logistik"},"content":{"rendered":"\n<p class=\"wp-block-paragraph\">Das Leistungszentrum Logistik und IT ist beim Zukunftskongress Logistik vertreten und pr\u00e4sentiert aktuelle Forschung, innovative L\u00f6sungen und spannende Themen rund um die Logistik der Zukunft.<\/p>\n\n\n\n<p class=\"wp-block-paragraph\">Mit den St\u00e4nden von\u00a0WarehouseDesigner\u00a0und\u00a0aulis<strong>\u00a0<\/strong>ist das Leistungszentrum vor Ort pr\u00e4sent. Besucherinnen und Besucher haben die M\u00f6glichkeit, sich \u00fcber aktuelle Entwicklungen und praxisnahe L\u00f6sungen zu informieren und direkt mit den Expertinnen und Experten ins Gespr\u00e4ch zu kommen.<\/p>\n\n\n\n<p class=\"wp-block-paragraph\">Auch im Kongressprogramm ist das Leistungszentrum aktiv eingebunden. Unter dem Stichwort PPWR &#8211; EU Verpackungsverordnung bringt das CASTN-Team am 2. Tag des Kongresses Expertise zu aktuellen Fragestellungen ein und stellt innovative Ans\u00e4tze vor. <\/p>\n\n\n\n<p class=\"wp-block-paragraph\">Tickets f\u00fcr den Kongress sind aktuell noch verf\u00fcgbar: <a href=\"https:\/\/www.zukunftskongress-logistik.de\/programm\/\">Zukunftskongress Logistik \u2013 Programm<\/a><\/p>\n\n\n\n<p class=\"wp-block-paragraph\"><\/p>\n","protected":false},"excerpt":{"rendered":"<p>Das Leistungszentrum Logistik und IT ist beim Zukunftskongress Logistik vertreten und pr\u00e4sentiert aktuelle Forschung, innovative L\u00f6sungen und spannende Themen rund um die Logistik der Zukunft. Mit den St\u00e4nden von\u00a0WarehouseDesigner\u00a0und\u00a0aulis\u00a0ist das Leistungszentrum vor Ort pr\u00e4sent. Besucherinnen und Besucher haben die M\u00f6glichkeit, sich \u00fcber aktuelle Entwicklungen und praxisnahe L\u00f6sungen zu informieren und direkt mit den Expertinnen und [&hellip;]<\/p>\n","protected":false},"author":12,"featured_media":19035,"comment_status":"closed","ping_status":"open","sticky":false,"template":"","format":"standard","meta":{"_acf_changed":false,"_et_pb_use_builder":"","_et_pb_old_content":"","_et_gb_content_width":"","footnotes":""},"categories":[20],"tags":[],"class_list":["post-19032","post","type-post","status-publish","format-standard","has-post-thumbnail","hentry","category-aus-der-community"],"acf":[],"_links":{"self":[{"href":"https:\/\/leistungszentrum-logistik-it.de\/en\/wp-json\/wp\/v2\/posts\/19032","targetHints":{"allow":["GET"]}}],"collection":[{"href":"https:\/\/leistungszentrum-logistik-it.de\/en\/wp-json\/wp\/v2\/posts"}],"about":[{"href":"https:\/\/leistungszentrum-logistik-it.de\/en\/wp-json\/wp\/v2\/types\/post"}],"author":[{"embeddable":true,"href":"https:\/\/leistungszentrum-logistik-it.de\/en\/wp-json\/wp\/v2\/users\/12"}],"replies":[{"embeddable":true,"href":"https:\/\/leistungszentrum-logistik-it.de\/en\/wp-json\/wp\/v2\/comments?post=19032"}],"version-history":[{"count":1,"href":"https:\/\/leistungszentrum-logistik-it.de\/en\/wp-json\/wp\/v2\/posts\/19032\/revisions"}],"predecessor-version":[{"id":19034,"href":"https:\/\/leistungszentrum-logistik-it.de\/en\/wp-json\/wp\/v2\/posts\/19032\/revisions\/19034"}],"wp:featuredmedia":[{"embeddable":true,"href":"https:\/\/leistungszentrum-logistik-it.de\/en\/wp-json\/wp\/v2\/media\/19035"}],"wp:attachment":[{"href":"https:\/\/leistungszentrum-logistik-it.de\/en\/wp-json\/wp\/v2\/media?parent=19032"}],"wp:term":[{"taxonomy":"category","embeddable":true,"href":"https:\/\/leistungszentrum-logistik-it.de\/en\/wp-json\/wp\/v2\/categories?post=19032"},{"taxonomy":"post_tag","embeddable":true,"href":"https:\/\/leistungszentrum-logistik-it.de\/en\/wp-json\/wp\/v2\/tags?post=19032"}],"curies":[{"name":"wp","href":"https:\/\/api.w.org\/{rel}","templated":true}]}}